{"id":600,"date":"2026-03-06T08:39:09","date_gmt":"2026-03-06T07:39:09","guid":{"rendered":"https:\/\/www.netzwerk-alma.de\/?p=600"},"modified":"2026-04-10T18:46:37","modified_gmt":"2026-04-10T16:46:37","slug":"wir-waren-bei-der-wita-2026","status":"publish","type":"post","link":"https:\/\/www.netzwerk-alma.de\/index.php\/2026\/03\/06\/wir-waren-bei-der-wita-2026\/","title":{"rendered":"Wir waren bei der WiTa 2026"},"content":{"rendered":"\n<p>Unsere Kollegin Stefanie Hecht hat gemeinsam mit Lena Franke von der Entspinnerei und Guido Cremerius vom Forschungsprojekt SoLaBay auf der WiTa einen Workshop \u00fcber &#8220;Potenziale &amp; Widerspr\u00fcche Sozialer Landwirtschaft im \u00d6kolandbau&#8221; gestaltet. Neben einem Einblick in aktuelle Projekte entstand ein spannender und differenzierter Austausch mit den Teilnehmenden.<\/p>\n\n\n\n<figure class=\"wp-block-gallery has-nested-images columns-default is-cropped wp-block-gallery-1 is-layout-flex wp-block-gallery-is-layout-flex\">\n<figure class=\"wp-block-image size-large\"><img loading=\"lazy\" decoding=\"async\" width=\"768\" height=\"1024\" data-id=\"601\" src=\"https:\/\/www.netzwerk-alma.de\/wp-content\/uploads\/2026\/03\/signal-2026-03-05-181555_002-768x1024.jpeg\" alt=\"\" class=\"wp-image-601\" srcset=\"https:\/\/www.netzwerk-alma.de\/wp-content\/uploads\/2026\/03\/signal-2026-03-05-181555_002-768x1024.jpeg 768w, https:\/\/www.netzwerk-alma.de\/wp-content\/uploads\/2026\/03\/signal-2026-03-05-181555_002-225x300.jpeg 225w, https:\/\/www.netzwerk-alma.de\/wp-content\/uploads\/2026\/03\/signal-2026-03-05-181555_002-1152x1536.jpeg 1152w, https:\/\/www.netzwerk-alma.de\/wp-content\/uploads\/2026\/03\/signal-2026-03-05-181555_002.jpeg 1536w\" sizes=\"auto, (max-width: 768px) 100vw, 768px\" \/><\/figure>\n\n\n\n<figure class=\"wp-block-image size-large\"><img loading=\"lazy\" decoding=\"async\" width=\"768\" height=\"1024\" data-id=\"602\" src=\"https:\/\/www.netzwerk-alma.de\/wp-content\/uploads\/2026\/03\/signal-2026-03-05-181532_003-768x1024.jpeg\" alt=\"\" class=\"wp-image-602\" srcset=\"https:\/\/www.netzwerk-alma.de\/wp-content\/uploads\/2026\/03\/signal-2026-03-05-181532_003-768x1024.jpeg 768w, https:\/\/www.netzwerk-alma.de\/wp-content\/uploads\/2026\/03\/signal-2026-03-05-181532_003-225x300.jpeg 225w, https:\/\/www.netzwerk-alma.de\/wp-content\/uploads\/2026\/03\/signal-2026-03-05-181532_003-1152x1536.jpeg 1152w, https:\/\/www.netzwerk-alma.de\/wp-content\/uploads\/2026\/03\/signal-2026-03-05-181532_003.jpeg 1200w\" sizes=\"auto, (max-width: 768px) 100vw, 768px\" \/><\/figure>\n<\/figure>\n\n\n\n<p><\/p>\n","protected":false},"excerpt":{"rendered":"<p>Unsere Kollegin Stefanie Hecht hat gemeinsam mit Lena Franke von der Entspinnerei und Guido Cremerius vom Forschungsprojekt SoLaBay auf der WiTa einen Workshop \u00fcber &#8220;Potenziale &amp; Widerspr\u00fcche Sozialer Landwirtschaft im \u00d6kolandbau&#8221; gestaltet. Neben einem Einblick in aktuelle Projekte entstand ein spannender und differenzierter Austausch mit den Teilnehmenden.<\/p>\n","protected":false},"author":1,"featured_media":661,"comment_status":"closed","ping_status":"open","sticky":false,"template":"","format":"standard","meta":{"footnotes":""},"categories":[1],"tags":[],"class_list":["post-600","post","type-post","status-publish","format-standard","has-post-thumbnail","hentry","category-aktuelles"],"_links":{"self":[{"href":"https:\/\/www.netzwerk-alma.de\/index.php\/wp-json\/wp\/v2\/posts\/600","targetHints":{"allow":["GET"]}}],"collection":[{"href":"https:\/\/www.netzwerk-alma.de\/index.php\/wp-json\/wp\/v2\/posts"}],"about":[{"href":"https:\/\/www.netzwerk-alma.de\/index.php\/wp-json\/wp\/v2\/types\/post"}],"author":[{"embeddable":true,"href":"https:\/\/www.netzwerk-alma.de\/index.php\/wp-json\/wp\/v2\/users\/1"}],"replies":[{"embeddable":true,"href":"https:\/\/www.netzwerk-alma.de\/index.php\/wp-json\/wp\/v2\/comments?post=600"}],"version-history":[{"count":1,"href":"https:\/\/www.netzwerk-alma.de\/index.php\/wp-json\/wp\/v2\/posts\/600\/revisions"}],"predecessor-version":[{"id":604,"href":"https:\/\/www.netzwerk-alma.de\/index.php\/wp-json\/wp\/v2\/posts\/600\/revisions\/604"}],"wp:featuredmedia":[{"embeddable":true,"href":"https:\/\/www.netzwerk-alma.de\/index.php\/wp-json\/wp\/v2\/media\/661"}],"wp:attachment":[{"href":"https:\/\/www.netzwerk-alma.de\/index.php\/wp-json\/wp\/v2\/media?parent=600"}],"wp:term":[{"taxonomy":"category","embeddable":true,"href":"https:\/\/www.netzwerk-alma.de\/index.php\/wp-json\/wp\/v2\/categories?post=600"},{"taxonomy":"post_tag","embeddable":true,"href":"https:\/\/www.netzwerk-alma.de\/index.php\/wp-json\/wp\/v2\/tags?post=600"}],"curies":[{"name":"wp","href":"https:\/\/api.w.org\/{rel}","templated":true}]}}